[{"@context":"https:\/\/schema.org\/","@type":"Article","@id":"https:\/\/www.kapu.cz\/v-dospelosti-je-vse-jinak\/#Article","mainEntityOfPage":"https:\/\/www.kapu.cz\/v-dospelosti-je-vse-jinak\/","headline":"V dosp\u011blosti je v\u0161e jinak","name":"V dosp\u011blosti je v\u0161e jinak","description":"Pamatuji si, kdy\u017e jsem byla mal\u00e1 a bezstarostn\u00e1. Jakmile jsem ale dosp\u00edvala, zjistila jsem, \u017ee \u017eivot nen\u00ed v\u016fbec nic jednoduch\u00e9ho a nen\u00ed to \u017e\u00e1dn\u00e1 proch\u00e1zka r\u016f\u017eov\u00fdm sadem. Kdy\u017e jsme byli [&hellip;]","datePublished":"2024-04-28","dateModified":"2024-04-28","author":{"@type":"Person","@id":"https:\/\/www.kapu.cz\/author\/#Person","name":"","url":"https:\/\/www.kapu.cz\/author\/","identifier":1,"image":{"@type":"ImageObject","@id":"https:\/\/secure.gravatar.com\/avatar\/ddbdb36321e5b7d4d861793930db080587341c870bd6ed87a3d36e707e2e9ae3?s=96&d=mm&r=g","url":"https:\/\/secure.gravatar.com\/avatar\/ddbdb36321e5b7d4d861793930db080587341c870bd6ed87a3d36e707e2e9ae3?s=96&d=mm&r=g","height":96,"width":96}},"publisher":{"@type":"Organization","name":"kapu.cz","logo":{"@type":"ImageObject","@id":"\/logo.png","url":"\/logo.png","width":600,"height":60}},"image":{"@type":"ImageObject","@id":"https:\/\/www.kapu.cz\/wp-content\/uploads\/house-1836070_1280_10_2.jpg","url":"https:\/\/www.kapu.cz\/wp-content\/uploads\/house-1836070_1280_10_2.jpg","height":0,"width":0},"url":"https:\/\/www.kapu.cz\/v-dospelosti-je-vse-jinak\/","about":["D\u016fm"],"wordCount":448,"articleBody":"Pamatuji si, kdy\u017e jsem byla mal\u00e1 a bezstarostn\u00e1. Jakmile jsem ale dosp\u00edvala, zjistila jsem, \u017ee \u017eivot nen\u00ed v\u016fbec nic jednoduch\u00e9ho a nen\u00ed to \u017e\u00e1dn\u00e1 proch\u00e1zka r\u016f\u017eov\u00fdm sadem. Kdy\u017e jsme byli mal\u00ed, mysleli jsme si p\u0159esn\u011b takhle. Proto\u017ee v\u017edycky, kdy\u017e jsem byla mal\u00e1, m\u011bla jsem svoji fantazii, kter\u00e1 m\u011b p\u0159esv\u011bd\u010dila, a te\u010f, kdy\u017e jsem dosp\u011bl\u00e1, vid\u00edm to \u00fapln\u011b jinak. Velice jsem si p\u0159\u00e1la kr\u00e1sn\u00e9 bydlen\u00ed, a hlavn\u011b d\u016fm. Jeliko\u017e u\u017e jsem vdan\u00e1 a sice je\u0161t\u011b nem\u00e1m \u017e\u00e1dn\u00e9 d\u011bti,\u00a0 ale p\u0159esn\u011b v\u00edm, co to obn\u00e1\u0161\u00ed, kdy\u017e si chcete po\u0159\u00eddit d\u016fm. M\u016f\u017eu v\u00e1m \u0159\u00edct, \u017ee s man\u017eelem jsme za\u017eili i t\u011b\u017ek\u00e9 chvilky, a to jen d\u00edky tomu, \u017ee jsme si cht\u011bli po\u0159\u00eddit dome\u010dek, o kter\u00fd se sna\u017e\u00edme celou dobu.\u00a0\u00a0Ohledn\u011b toho je hodn\u011b starost\u00ed a dokonce jsme se kv\u016fli tomu i poh\u00e1dali. Nebylo to v\u016fbec nic p\u0159\u00edjemn\u00e9ho, proto\u017ee najednou jsou to velk\u00e9 starosti, a z t\u011bch v\u011bt\u0161\u00edch starost\u00ed vznikaj\u00ed je\u0161t\u011b mnohem v\u011bt\u0161\u00ed starosti, tak\u017ee to nen\u00ed nic p\u0159\u00edjemn\u00e9ho. Sice nejsem ten typ, \u017ee bych se po\u0159\u00e1d cht\u011bla h\u00e1dat, ale na druhou stranu, bohu\u017eel, \u010dlov\u011bk se n\u011bkdy h\u00e1dat nechce, ale ta h\u00e1dka vznikne. A to p\u0159esn\u011b vzniklo s m\u00fdm man\u017eelem, a to jen kv\u016fli tomu, \u017ee jsme se h\u00e1dali. P\u0159em\u00fd\u0161leli jsme, jak\u00fd d\u016fm chceme po\u0159\u00eddit, jak\u00fd si chceme postavit a kde. Jsou to velik\u00e9 celo\u017eivotn\u00ed c\u00edle a je pot\u0159eba je vymyslet tak, aby to bylo opravdu pro n\u00e1s vhodn\u00e9, a abychom kone\u010dn\u011b \u017eili spokojen\u011b a \u0161\u0165astn\u011b.\u00a0\u00a0Nejhor\u0161\u00ed na tom ale je, \u017ee tu p\u0159edstavu m\u00e1 ka\u017ed\u00fd \u00fapln\u011b jinou. J\u00e1 a m\u016fj man\u017eel m\u00e1me chv\u00edlemi \u00fapln\u011b jin\u00e9 n\u00e1zory, a i p\u0159esto, \u017ee jsme se vzali v kostele, tak to asi k tomu man\u017eelstv\u00ed pat\u0159\u00ed, proto\u017ee \u010dlov\u011bk se kolikr\u00e1t nedomluv\u00ed ani s t\u00edm man\u017eelem. Ale popravd\u011b v\u00e1m m\u016f\u017eu \u0159\u00edct, \u017ee to k tomu vztahu pat\u0159\u00ed a \u017ee nejsem jedin\u00e1 na sv\u011bt\u011b, kter\u00e1 to takhle m\u00e1. Sna\u017eili jsme se naj\u00edt i kompromis, a v\u011b\u0159\u00edm, \u017ee se to tro\u0161ku zlep\u0161ilo. Sna\u017e\u00edme se domluvit, ale nen\u00ed to nic jednoduch\u00e9ho, proto\u017ee pokud chcete \u017e\u00edt s man\u017eelem nebo man\u017eelkou cel\u00fd \u017eivot, je pot\u0159eba m\u00edt v\u0161echno spo\u0159\u00e1dan\u00e9. A v\u011b\u0159te, \u017ee to nen\u00ed nic jednoduch\u00e9ho.                                                                                                                                                                                                                                                                                                                                                                                        3.7\/5 - (4 votes)        "},{"@context":"https:\/\/schema.org\/","@type":"BreadcrumbList","itemListElement":[{"@type":"ListItem","position":1,"name":"V dosp\u011blosti je v\u0161e jinak","item":"https:\/\/www.kapu.cz\/v-dospelosti-je-vse-jinak\/#breadcrumbitem"}]}]