[{"@context":"https:\/\/schema.org\/","@type":"Article","@id":"https:\/\/www.kapu.cz\/spolecnost-lidi\/#Article","mainEntityOfPage":"https:\/\/www.kapu.cz\/spolecnost-lidi\/","headline":"Spole\u010dnost lid\u00ed","name":"Spole\u010dnost lid\u00ed","description":"Spole\u010dnost lid\u00ed je podle m\u00e9ho n\u00e1zoru opravdu hodn\u011b d\u016fle\u017eit\u00e1, proto\u017ee kdybyste t\u0159eba nem\u011bli \u0161anci se dostat do dobr\u00e9 spole\u010dnosti, tak je to opravdu smutn\u00e9. Je hodn\u011b lid\u00ed, kte\u0159\u00ed ale nevyzn\u00e1vaj\u00ed [&hellip;]","datePublished":"2024-05-29","dateModified":"2024-05-29","author":{"@type":"Person","@id":"https:\/\/www.kapu.cz\/author\/#Person","name":"","url":"https:\/\/www.kapu.cz\/author\/","identifier":1,"image":{"@type":"ImageObject","@id":"https:\/\/secure.gravatar.com\/avatar\/ddbdb36321e5b7d4d861793930db080587341c870bd6ed87a3d36e707e2e9ae3?s=96&d=mm&r=g","url":"https:\/\/secure.gravatar.com\/avatar\/ddbdb36321e5b7d4d861793930db080587341c870bd6ed87a3d36e707e2e9ae3?s=96&d=mm&r=g","height":96,"width":96}},"publisher":{"@type":"Organization","name":"kapu.cz","logo":{"@type":"ImageObject","@id":"\/logo.png","url":"\/logo.png","width":600,"height":60}},"image":{"@type":"ImageObject","@id":"https:\/\/www.kapu.cz\/wp-content\/uploads\/children-428909_640.jpg","url":"https:\/\/www.kapu.cz\/wp-content\/uploads\/children-428909_640.jpg","height":0,"width":0},"url":"https:\/\/www.kapu.cz\/spolecnost-lidi\/","about":["Spole\u010dnost"],"wordCount":441,"articleBody":"Spole\u010dnost lid\u00ed je podle m\u00e9ho n\u00e1zoru opravdu hodn\u011b d\u016fle\u017eit\u00e1, proto\u017ee kdybyste t\u0159eba nem\u011bli \u0161anci se dostat do dobr\u00e9 spole\u010dnosti, tak je to opravdu smutn\u00e9. Je hodn\u011b lid\u00ed, kte\u0159\u00ed ale nevyzn\u00e1vaj\u00ed dobrou spole\u010dnost, t\u0159eba rad\u011bji sed\u00ed jenom doma. A v\u00edte, kdo nejrad\u011bji sed\u00ed doma? Jsou to hlavn\u011b introverti, proto\u017ee kdy\u017e se introverti, tak nem\u00e1te moc r\u00e1di velikou spole\u010dnost lid\u00ed. J\u00e1 si ale mysl\u00edm, \u017ee je ka\u017ed\u00fd \u010dlov\u011bk by m\u011bl b\u00fdt v n\u011bjak\u00e9 spole\u010dnosti lidi, proto\u017ee je to opravdu prima a je to z\u00e1bavn\u00e9. J\u00e1 bych nap\u0159\u00edklad nedok\u00e1zala doma jenom sed\u011bt a nic ned\u011blat. Opravdu hodn\u011b by m\u011b chyb\u011blo, kdybych t\u0159eba nemohla chodit mezi lidi.J\u00e1 toti\u017e nejsem v\u016fbec \u017e\u00e1dn\u00fd introvert. J\u00e1 jsem opravdu velik\u00fd extrovert. A taky jsem si \u0159ekla, \u017ee je opravdu prima, kdybych tak\u00e9 mohla chodit na n\u011bjak\u00e9 kurzy nebo koncerty. Hlavn\u011b tam, kde je hodn\u011b lid\u00ed, m\u011b toti\u017e opravdu hodn\u011b bav\u00ed, pozn\u00e1vat nov\u00e9 lidi a seznamovat se s ciz\u00edmi lidmi. Kdy\u017e se u\u017e s t\u011bmi lidmi sezn\u00e1m\u00edm, tak u\u017e samoz\u0159ejm\u011b nejsou ciz\u00ed. Je ale samoz\u0159ejm\u011b hodn\u011b lid\u00ed, kte\u0159\u00ed jsou introverti, a to znamen\u00e1, \u017ee neradi pozn\u00e1vaj\u00ed okol\u00ed anebo t\u0159eba ciz\u00ed lidi. Nev\u00edm, jak se tohle v\u016fbec m\u016f\u017ee st\u00e1t. Jestli toti\u017e nedok\u00e1\u017ee\u0161 p\u0159edstavit, kdybych byla introvert, ale samoz\u0159ejm\u011b, \u017ee jsou lid\u00e9, kte\u0159\u00ed takhle se u\u017e narod\u00ed a v\u016fbec jim to divn\u00e9 nep\u0159ijde. Ale samoz\u0159ejm\u011b jsou tak\u00e9 lid\u00e9, kte\u0159\u00ed jsou extroverti, ale tak\u00e9 cht\u011bj\u00ed b\u00fdt n\u011bkdy sami.A to hlavn\u011b v tom p\u0159\u00edpad\u011b, t\u0159eba kdy\u017e se poh\u00e1daj\u00ed s rodinou anebo se sv\u00fdm partnerem. Tak cht\u011bj\u00ed. Vlastn\u011b je p\u0159em\u00fd\u0161let sami n\u011bkde ve sv\u00e9m okol\u00ed. A j\u00e1, i kdy\u017e jsem extrovert, tak tak\u00e9 chci b\u00fdt n\u011bkdy sama. Proto\u017ee t\u0159eba kdy\u017e jsem se kolikr\u00e1t poh\u00e1dala s partnerem, tak jsem tak\u00e9 cht\u011bla b\u00fdt sama a p\u0159em\u00fd\u0161let o tom, co se v\u0161echno stalo. Stalo se v\u00e1m tohle? N\u011bkdy m\u011b u\u017e n\u011bkolikr\u00e1t. Nakonec to dopadlo tak, \u017ee jsem se s partnerem rad\u011bji roze\u0161la, proto\u017ee u\u017e m\u011b nebavilo, jak se st\u00e1le jenom h\u00e1d\u00e1me a rad\u011bji jsem si na\u0161la spole\u010dnost p\u0159\u00e1tel, proto\u017ee mezi p\u0159\u00e1teli je mi opravdu hodn\u011b dob\u0159e a mysl\u00edm si, \u017ee v tomhle n\u00e1zoru nejsem v\u016fbec jedin\u00e1.                                                                                                                                                                                                                                                                                                                                                                                        3.6\/5 - (7 votes)        "},{"@context":"https:\/\/schema.org\/","@type":"BreadcrumbList","itemListElement":[{"@type":"ListItem","position":1,"name":"Spole\u010dnost lid\u00ed","item":"https:\/\/www.kapu.cz\/spolecnost-lidi\/#breadcrumbitem"}]}]