[{"@context":"https:\/\/schema.org\/","@type":"Article","@id":"https:\/\/www.kapu.cz\/lide-jsou-ruzni\/#Article","mainEntityOfPage":"https:\/\/www.kapu.cz\/lide-jsou-ruzni\/","headline":"Lid\u00e9 jsou r\u016fzn\u00ed","name":"Lid\u00e9 jsou r\u016fzn\u00ed","description":"Lid\u00e9 jsou r\u016fzn\u00ed, a to ur\u010dit\u011b ve v\u0161ech sv\u011btov\u00fdch kon\u010din\u00e1ch. N\u011bkdo je takov\u00fd a jin\u00fd onak\u00fd, to podle sv\u00e9 n\u00e1tury, v\u00fdchovy a prost\u0159ed\u00ed, ve kter\u00e9m \u017eil a \u017eije. A tak [&hellip;]","datePublished":"2023-01-22","dateModified":"2023-08-23","author":{"@type":"Person","@id":"https:\/\/www.kapu.cz\/author\/#Person","name":"","url":"https:\/\/www.kapu.cz\/author\/","identifier":1,"image":{"@type":"ImageObject","@id":"https:\/\/secure.gravatar.com\/avatar\/ddbdb36321e5b7d4d861793930db080587341c870bd6ed87a3d36e707e2e9ae3?s=96&d=mm&r=g","url":"https:\/\/secure.gravatar.com\/avatar\/ddbdb36321e5b7d4d861793930db080587341c870bd6ed87a3d36e707e2e9ae3?s=96&d=mm&r=g","height":96,"width":96}},"publisher":{"@type":"Organization","name":"kapu.cz","logo":{"@type":"ImageObject","@id":"\/logo.png","url":"\/logo.png","width":600,"height":60}},"image":{"@type":"ImageObject","@id":"https:\/\/www.kapu.cz\/wp-content\/uploads\/000.jpg","url":"https:\/\/www.kapu.cz\/wp-content\/uploads\/000.jpg","height":0,"width":0},"url":"https:\/\/www.kapu.cz\/lide-jsou-ruzni\/","about":["Spole\u010dnost"],"wordCount":440,"articleBody":"Lid\u00e9 jsou r\u016fzn\u00ed, a to ur\u010dit\u011b ve v\u0161ech sv\u011btov\u00fdch kon\u010din\u00e1ch. N\u011bkdo je takov\u00fd a jin\u00fd onak\u00fd, to podle sv\u00e9 n\u00e1tury, v\u00fdchovy a prost\u0159ed\u00ed, ve kter\u00e9m \u017eil a \u017eije. A tak se nen\u00ed \u010demu divit, kdy\u017e m\u00e1me n\u011bkter\u00e9 lidi rad\u011bji ne\u017e jin\u00e9, kdy\u017e n\u00e1s to k\u00a0n\u011bkter\u00fdm t\u00e1hne a jin\u00fdm se rad\u011bji vyhneme pov\u011bstn\u00fdm velk\u00fdm obloukem. Je to prost\u011b tak. U n\u00e1s stejn\u011b jako dejme tomu v\u00a0Ji\u017en\u00ed Africe.A \u010d\u00edm se podle m\u00fdch mnohalet\u00fdch zku\u0161enost\u00ed vyzna\u010duj\u00ed ti jihoafri\u010dt\u00ed?Pochopiteln\u011b barvou pleti. Nebo bych m\u011bl p\u0159esn\u011bji napsat barvami pleti, proto\u017ee t\u011bch je tam tolik, \u017ee se snad ani nediv\u00edm, \u017ee tu cht\u011bl vytvo\u0159it Nelson Mandela po p\u00e1du apartheidu \u201aduhov\u00fd n\u00e1rod\u2018. Na co\u017e se v\u017eil dov\u011btek, \u017ee ale b\u00edl\u00e1 barva do duhy nepat\u0159\u00ed. Ale p\u0159esto tam i tato je.B\u00edl\u00ed se tam obvykle bav\u00ed naprosto norm\u00e1ln\u011b s \u010dern\u00fdmi. A \u010dern\u00ed s\u00a0b\u00edl\u00fdmi. A b\u00edl\u00ed i \u010dern\u00ed s\u00a0barevn\u00fdmi. A b\u00edl\u00ed, \u010dern\u00ed a barevn\u00ed s\u00a0Asiaty. A naopak. Jako by tam nikdy \u017e\u00e1dn\u00fd apartheid nebyl a v\u0161ichni byli od narozen\u00ed barvoslep\u00ed. A nebav\u00ed se spolu stylem, jak\u00fdm jsme n\u011bkdy my \u010dastov\u00e1ni svou men\u0161inou a v\u00a0duchu na\u0161e men\u0161ina n\u00e1mi.V\u0161ichni, kdo mohou, tam r\u00e1di pracuj\u00ed. Nebo mo\u017en\u00e1 ne a\u017e tak r\u00e1di, ale ochotn\u011b vyu\u017e\u00edvaj\u00ed mo\u017enost vyd\u011blat si aspo\u0148 o pozn\u00e1n\u00ed m\u00e9n\u011b ne\u017e my u n\u00e1s. Snad proto, \u017ee tam nen\u00ed b\u011b\u017en\u00e9 a mo\u017en\u00e9 chodit opil\u00ed \u010di zfetovan\u00ed na \u00fa\u0159ad pr\u00e1ce a demolovat tam za\u0159\u00edzen\u00ed a napadat \u00fa\u0159edn\u00edky kv\u016fli frustraci z\u00a0mal\u00fdch soci\u00e1ln\u00edch d\u00e1vek.Jihoafri\u010dt\u00ed lid\u00e9 jsou tak\u00e9 velice trp\u011bliv\u00ed. Co\u017e se projevuje zejm\u00e9na ve front\u00e1ch v\u00a0bank\u00e1ch nebo na n\u011bkter\u00fdch \u00fa\u0159adech. Jedinou v\u00fdjimku z\u0159ejm\u011b tvo\u0159\u00ed b\u00edl\u00ed Afrik\u00e1nci, pro kter\u00e9 b\u00fdv\u00e1 p\u0159esnost leckdy nade v\u0161e. P\u0159i\u010dem\u017e se podivuji, \u017ee se v\u00a0JAR je\u0161t\u011b ze v\u0161eho toho le\u017e\u00e9rn\u00edho p\u0159\u00edstupu ostatn\u00edch k\u00a0\u010dasu nezbl\u00e1znili.A ani ti nejchud\u0161\u00ed pr\u00fd neb\u00fdvaj\u00ed vesm\u011bs nebezpe\u010dn\u00ed. Kdo v\u00ed? Moji p\u0159\u00edtelkyni st\u00e1l bl\u00edzk\u00fd kontakt t\u0159et\u00edho druhu s\u00a0nimi kabelku a m\u011b hodinu v\u00a0nemocnici.Lid\u00e9 jsou prost\u011b r\u016fzn\u00e9. Blb\u00e9 a pitom\u00e9. Ale ur\u010dit\u011b nejen takov\u00e9.                                                                                                                                                                                                                                                                                                                                                                                        4.2\/5 - (9 votes)        "},{"@context":"https:\/\/schema.org\/","@type":"BreadcrumbList","itemListElement":[{"@type":"ListItem","position":1,"name":"Lid\u00e9 jsou r\u016fzn\u00ed","item":"https:\/\/www.kapu.cz\/lide-jsou-ruzni\/#breadcrumbitem"}]}]