[{"@context":"https:\/\/schema.org\/","@type":"Article","@id":"https:\/\/www.kapu.cz\/kde-najdeme-nejlepsi-barber-shop-na-praze-6\/#Article","mainEntityOfPage":"https:\/\/www.kapu.cz\/kde-najdeme-nejlepsi-barber-shop-na-praze-6\/","headline":"Kde najdeme nejlep\u0161\u00ed barber shop na Praze 6?","name":"Kde najdeme nejlep\u0161\u00ed barber shop na Praze 6?","description":"To jak vypad\u00e1me je velmi d\u016fle\u017eit\u00e9. A spole\u010dnost tomu p\u0159ikl\u00e1d\u00e1 \u010d\u00edm d\u00e1l v\u011bt\u0161\u00ed pozornost. To, jak vypad\u00e1me o n\u00e1s hodn\u011b vypov\u00edd\u00e1. A to nejen na\u0161emu okol\u00ed, ale i samoz\u0159ejm\u011b na\u0161im [&hellip;]","datePublished":"2024-02-13","dateModified":"2024-03-13","author":{"@type":"Person","@id":"https:\/\/www.kapu.cz\/author\/#Person","name":"","url":"https:\/\/www.kapu.cz\/author\/","identifier":1,"image":{"@type":"ImageObject","@id":"https:\/\/secure.gravatar.com\/avatar\/ddbdb36321e5b7d4d861793930db080587341c870bd6ed87a3d36e707e2e9ae3?s=96&d=mm&r=g","url":"https:\/\/secure.gravatar.com\/avatar\/ddbdb36321e5b7d4d861793930db080587341c870bd6ed87a3d36e707e2e9ae3?s=96&d=mm&r=g","height":96,"width":96}},"publisher":{"@type":"Organization","name":"kapu.cz","logo":{"@type":"ImageObject","@id":"\/logo.png","url":"\/logo.png","width":600,"height":60}},"image":{"@type":"ImageObject","@id":"https:\/\/www.kapu.cz\/wp-content\/uploads\/barber-2345701_640.jpg","url":"https:\/\/www.kapu.cz\/wp-content\/uploads\/barber-2345701_640.jpg","height":0,"width":0},"url":"https:\/\/www.kapu.cz\/kde-najdeme-nejlepsi-barber-shop-na-praze-6\/","about":["Byznys"],"wordCount":536,"articleBody":"   To jak vypad\u00e1me je velmi d\u016fle\u017eit\u00e9. A spole\u010dnost tomu p\u0159ikl\u00e1d\u00e1 \u010d\u00edm d\u00e1l v\u011bt\u0161\u00ed pozornost. To, jak vypad\u00e1me o n\u00e1s hodn\u011b vypov\u00edd\u00e1. A to nejen na\u0161emu okol\u00ed, ale i samoz\u0159ejm\u011b na\u0161im zam\u011bstnavatel\u016fm i na\u0161\u00edm koleg\u016fm. A je to jist\u011b i znakem pro n\u00e1s. Jist\u011b se budeme c\u00edtit o mnoho l\u00e9pe pokud budeme vypadat dob\u0159e. A nejen, \u017ee n\u00e1m to dod\u00e1 pocit sebe hodnoty, ale z\u00edsk\u00e1me t\u00edmto zp\u016fsobem i sebev\u011bdom\u00ed, kter\u00e9 by n\u00e1m v opa\u010dn\u00e9m p\u0159\u00edpad\u011b mohlo sch\u00e1zet. A u\u017e to d\u00e1vno nen\u00ed jen dom\u00e9nou \u017een. I mu\u017ei se c\u00edt\u00ed mnohem l\u00e9pe kdy\u017e jsou upraveni a p\u0159\u00edjemn\u011b von\u00ed. A tak\u00e9 kontakt a vyjedn\u00e1v\u00e1n\u00ed s takov\u00fdm mu\u017eem je mnohem p\u0159\u00edjemn\u011bj\u0161\u00ed, ale bohu\u017eel je ve spole\u010dnosti mu\u017e\u016f po\u0159\u00e1d roz\u0161\u00ed\u0159en takov\u00fd nesmysl, \u017ee mu\u017e by m\u011bl smrd\u011bt. A \u017ee pokud tomu tak nen\u00ed, je prost\u011b z\u017een\u0161til\u00fd. P\u0159itom je to takov\u00e1 hloupost. A mu\u017e by m\u011bl b\u00fdt kr\u00e1sn\u011b upraven, pokud chce na svoje okol\u00ed p\u016fsobit pozitivn\u011b. A tak si mu\u017ei hodn\u011b obl\u00edbili podniky, kter\u00e9 se naz\u00fdvaj\u00ed barber shopy. V n\u011bm se m\u016f\u017eete nechat stylov\u011b ost\u0159\u00edhat, a je\u0161t\u011b k tomu oholit. A to mnohdy dost netradi\u010dn\u011b. A kam za z\u00e1\u017eitkem z barber shopu v Praze 6 Thecrownbarbershop? Co takhle zkusit podnik, kter\u00fd se jmenuje Marcus? A jak\u00e9 slu\u017eby tam budou pro v\u00e1s k dispozici? Tento podnik zam\u011bstn\u00e1v\u00e1 p\u011bt skv\u011bl\u00fdch holi\u010d\u016f, kter\u00fdm jde opravdu jejich pr\u00e1ce od ruky. A jejich c\u00edlem je z\u00edskat si svoje z\u00e1kazn\u00edky t\u00edm, \u017ee jsou schopni pro n\u011b vybudovat pohodov\u00e9 prost\u0159ed\u00ed, kam se budou r\u00e1di vracet. Pro n\u011b to nen\u00ed jenom pr\u00e1ce, cht\u011bj\u00ed v\u00e1m vykouzlit \u00fasm\u011bv na tv\u00e1\u0159i. A budou po v\u00e1s cht\u00edt abyste si jen u\u017e\u00edvali. Nebudou se py\u0161nit n\u011bjakou luxusn\u00ed ok\u00e1zalost\u00ed, ale vytvo\u0159\u00ed v\u00e1m prost\u0159ed\u00ed, kde si nebudou na nic hr\u00e1t. Jejich slu\u017eby jsou st\u0159ih a holen\u00ed. A za tento celkov\u00fd servis u nich budete platit okolo 1100K\u010d. A pokud si vyberete jen jednu z variant ceny se pohybuj\u00ed 550K\u010d za holen\u00ed a \u00fapravu vous\u016f. A za 650K\u010d se m\u016f\u017eete t\u011b\u0161it nejen na stylov\u00fd st\u0159ih, ale tak\u00e9 je v cen\u011b zahrnuto myt\u00ed vlas\u016f spolu s tonikem na vlasy a tak\u00e9 kone\u010dn\u00fd styling. A pokud budete cht\u00edt nechat upravit i svoje d\u00edt\u011b p\u0159ipravte si pros\u00edm zase 550K\u010d za d\u011btsk\u00fd st\u0159ih. A pod\u00edvat se k nim m\u016f\u017eete v\u017edycky od dev\u00edti do sedmi hodin ve\u010der ka\u017ed\u00fd den v t\u00fddnu. A pokud mo\u017eno v\u017edy se dop\u0159edu objednejte. Nejen, \u017ee to je slu\u0161nost, ale tak z\u00edsk\u00e1te jistotu, \u017ee se na v\u00e1s dostane \u0159ada. A budete m\u00edt mo\u017enost si vybrat term\u00edn kter\u00fd bude vyhovovat jenom v\u00e1m.                                                                                                                                                                                                                                                                                                                                                                                           4\/5 - (7 votes)        "},{"@context":"https:\/\/schema.org\/","@type":"BreadcrumbList","itemListElement":[{"@type":"ListItem","position":1,"name":"Kde najdeme nejlep\u0161\u00ed barber shop na Praze 6?","item":"https:\/\/www.kapu.cz\/kde-najdeme-nejlepsi-barber-shop-na-praze-6\/#breadcrumbitem"}]}]