[{"@context":"https:\/\/schema.org\/","@type":"Article","@id":"https:\/\/www.kapu.cz\/cestujeme-za-sluncem-a-krasnou-prirodou\/#Article","mainEntityOfPage":"https:\/\/www.kapu.cz\/cestujeme-za-sluncem-a-krasnou-prirodou\/","headline":"Cestujeme za sluncem a kr\u00e1snou p\u0159\u00edrodou","name":"Cestujeme za sluncem a kr\u00e1snou p\u0159\u00edrodou","description":"P\u0159esto\u017ee se nyn\u00ed nach\u00e1z\u00edme na \u00fazem\u00ed It\u00e1lie, tak se tu p\u0159ev\u00e1\u017en\u011b setk\u00e1me s\u00a0n\u011bmecky mluv\u00edc\u00edm obyvatelstvem. \u010c\u00e1st rakousk\u00e9ho Tyrolska toti\u017e z\u00edskala po prvn\u00ed sv\u011btov\u00e9 v\u00e1lce It\u00e1lie. A to je rozhodn\u011b dal\u0161\u00ed [&hellip;]","datePublished":"2025-02-19","dateModified":"2025-02-19","author":{"@type":"Person","@id":"https:\/\/www.kapu.cz\/author\/#Person","name":"","url":"https:\/\/www.kapu.cz\/author\/","identifier":1,"image":{"@type":"ImageObject","@id":"https:\/\/secure.gravatar.com\/avatar\/ddbdb36321e5b7d4d861793930db080587341c870bd6ed87a3d36e707e2e9ae3?s=96&d=mm&r=g","url":"https:\/\/secure.gravatar.com\/avatar\/ddbdb36321e5b7d4d861793930db080587341c870bd6ed87a3d36e707e2e9ae3?s=96&d=mm&r=g","height":96,"width":96}},"publisher":{"@type":"Organization","name":"kapu.cz","logo":{"@type":"ImageObject","@id":"\/logo.png","url":"\/logo.png","width":600,"height":60}},"image":{"@type":"ImageObject","@id":"https:\/\/www.kapu.cz\/wp-content\/uploads\/img_a326915_w2243_t1539080965.jpg","url":"https:\/\/www.kapu.cz\/wp-content\/uploads\/img_a326915_w2243_t1539080965.jpg","height":0,"width":0},"url":"https:\/\/www.kapu.cz\/cestujeme-za-sluncem-a-krasnou-prirodou\/","wordCount":442,"articleBody":"P\u0159esto\u017ee se nyn\u00ed nach\u00e1z\u00edme na \u00fazem\u00ed It\u00e1lie, tak se tu p\u0159ev\u00e1\u017en\u011b setk\u00e1me s\u00a0n\u011bmecky mluv\u00edc\u00edm obyvatelstvem. \u010c\u00e1st rakousk\u00e9ho Tyrolska toti\u017e z\u00edskala po prvn\u00ed sv\u011btov\u00e9 v\u00e1lce It\u00e1lie. A to je rozhodn\u011b dal\u0161\u00ed d\u016fvod, pro\u010d toto m\u00edsto nav\u0161t\u00edvit, m\u00eds\u00ed se tu vlivy obou dvou kultur, co\u017e je v\u00a0podstat\u011b jedine\u010dn\u00fd z\u00e1\u017eitek. Jinak si sp\u00ed\u0161 spojujeme tuto oblast s\u00a0hornat\u00fdm povrchem, kter\u00fd je protkan\u00fd \u00fadol\u00edmi. Mo\u017en\u00e1 nejl\u00e9pe se sem cestuje automobilem a velmi obl\u00edbenou trasou je Brennersk\u00fd pr\u016fsmyk. D\u00e1 se zvolit je\u0161t\u011b i star\u00e1 silnice, kde n\u00e1s p\u0159ekvap\u00ed \u010detn\u00e9 serpentiny a m\u016f\u017eeme sledovat tak mal\u00e9 vesni\u010dky. Je to sice pomalej\u0161\u00ed trasa, ale m\u00e1 sv\u00e9 kouzlo, hlavn\u011b pro milovn\u00edky motorek. Nav\u00edc, jedeme si odpo\u010dinout a obdivovat kr\u00e1sy t\u011bchto kon\u010din, tak nemus\u00edme nikam sp\u011bchat.\tBrixenOt\u00e1zkou je, kam se vlastn\u011b chceme pod\u00edvat, jeliko\u017e m\u00edst je zde dostatek jak pro milovn\u00edky turistiky, tak i pro m\u011bstsk\u00e9 pam\u00e1tky. Nap\u0159\u00edklad m\u011bsto Brixen m\u00e1me spojen\u00e9 se jm\u00e9nem na\u0161eho slavn\u00e9ho spisovatele Karla Havl\u00ed\u010dka Borovsk\u00e9ho, kter\u00fd sem byl posl\u00e1n do vyhnanstv\u00ed. Ale na druhou stranu se mu zde \u0161patn\u011b neda\u0159ilo. Bydlel v\u00a0hostinci U Slona, kter\u00fd m\u016f\u017eeme nav\u0161t\u00edvit i my dnes a tak\u00e9 tu piln\u011b psal.Vznikl zde nap\u0159\u00edklad Kr\u00e1l L\u00e1vra, K\u0159est svat\u00e9ho Vladim\u00edra nebo Tyrolsk\u00e9 elegie. M\u011bstu se tak\u00e9 \u0159\u00edk\u00e1 \u201eM\u011bsto biskup\u016f\u201c. Z\u0159ejm\u011b podle sakr\u00e1ln\u00edch staveb, kter\u00fdch se tu nalezne dostate\u010dn\u00e9 mno\u017estv\u00ed. Jen kousek od m\u00edstn\u00ed katedr\u00e1ly se nach\u00e1z\u00ed kompletn\u011b zachoval\u00fd biskupsk\u00fd pal\u00e1c Hofburg a s\u00eddlili zde \u0159\u00edm\u0161t\u00ed biskupov\u00e9. V\u00a0dne\u0161n\u00ed dob\u011b zde m\u016f\u017eeme obdivovat Diec\u00e9zn\u00ed muzeum, kter\u00e9 m\u00e1 asi 70 s\u00e1l\u016f.\tN\u00e1rodn\u00ed j\u00eddlaAbsolutn\u00ed jedni\u010dkou a klasikou jihotyrolsk\u00e9 kuchyn\u011b nen\u00ed nic jin\u00e9ho, ne\u017e zkr\u00e1tka knedl\u00edky a to ve v\u0161ech mo\u017en\u00fdch podob\u00e1ch. \u0160pekov\u00e9, \u0161pen\u00e1tov\u00e9, s\u00a0\u010dervenou \u0159epou nebo dokonce s\u00fdrov\u00e9 a samoz\u0159ejm\u011b existuj\u00ed i dal\u0161\u00ed varianty. Serv\u00edruj\u00ed se samoz\u0159ejm\u011b tak\u00e9 snad v\u0161ude. Tak\u017ee v\u00a0pol\u00e9vk\u00e1ch nebudou v\u00fdjimkou, pak klasicky jsou hlavn\u00edm chodem a tak\u00e9 v\u00a0r\u016fzn\u00fdch podob\u00e1ch \u2013 pe\u010den\u00e9, va\u0159en\u00e9, lisovan\u00e9 atd. Ze sladkost\u00ed bude hr\u00e1t prim jable\u010dn\u00fd \u0161tr\u00fadl nebo pohankov\u00fd kol\u00e1\u010d. Nav\u0161t\u00edvit tato m\u00edsta bude neskute\u010dn\u00fd z\u00e1\u017eitek a to stoj\u00ed za to.                                                                                                                                                                                                                                                                                                                                                                                        3\/5 - (2 votes)        "},{"@context":"https:\/\/schema.org\/","@type":"BreadcrumbList","itemListElement":[{"@type":"ListItem","position":1,"name":"Cestujeme za sluncem a kr\u00e1snou p\u0159\u00edrodou","item":"https:\/\/www.kapu.cz\/cestujeme-za-sluncem-a-krasnou-prirodou\/#breadcrumbitem"}]}]